{"id":242,"date":"2019-05-07T21:59:15","date_gmt":"2019-05-07T21:59:15","guid":{"rendered":"http:\/\/hallesche-pferdefreunde.de\/?p=242"},"modified":"2019-05-07T21:59:20","modified_gmt":"2019-05-07T21:59:20","slug":"infoabend-der-buergerinitiative-fuer-halles-gruenen-norden","status":"publish","type":"post","link":"https:\/\/hallesche-pferdefreunde.de\/?p=242","title":{"rendered":"Infoabend der B\u00fcrgerinitiative f\u00fcr Halles gr\u00fcnen Norden"},"content":{"rendered":"\n<p>Hallo Ihr Lieben, <br><br>morgen Abend, Mittwoch um 19 Uhr, veranstaltet die B\u00fcrgerinitiative f\u00fcr <br>Halles gr\u00fcnen Norden eine Diskussionsrunde in der M\u00f6tzlicher Kirche, bei <br>der allen Parteien gerade vor den Wahlen gr\u00fcndlich auf den Zahn gef\u00fchlt <br>werden soll. Politiker stellen sich den Menschen, die f\u00fcr Ihr Gr\u00fcn, f\u00fcr <br>die Natur und die B\u00e4ume einstehen. <br><br>wir alle freuen uns, wenn auch Ihr dabei seid, um ein Zeichen zu setzen <br>Falls nicht alle in die Kirche passen, sind drau\u00dfen Lautsprecher und <br>jeder kann zuh\u00f6ren <br>wir freuen uns besonders \u00fcber Kinder und Jugendliche (auch wenn 19 Uhr <br>ziemlich sp\u00e4t ist) <br><br>hier noch einmal die Petition: <br><a href=\"https:\/\/www.openpetition.de\/petition\/online\/nein-zur-nordtangente-und-dem-gewerbepark-tornau\">https:\/\/www.openpetition.de\/petition\/online\/nein-zur-nordtangente-und-dem-gewerbepark-tornau<\/a><br>und die Webseite: <a href=\"http:\/\/www.nordtangente.info\">www.nordtangente.info<\/a><br><br>in eigener Sache: <br>unser Schaukelprojekt mit der Universit\u00e4t Halle zusammen braucht stabile <br>Seile oder Taue, stabile Stoffe und Holz oder Geldmittel um selbiges zu <br>kaufen <br>wer m\u00f6chte uns unterst\u00fctzen und die Kinder abheben lassen? wer hat <br>Material herum liegen, was er nicht braucht? &#8211; die Kinder und Studenten <br>freuen sich&#8230;. <br><br>in Liebe f\u00fcr die Natur, f\u00fcr das Leben <br>Beate <br><\/p>\n","protected":false},"excerpt":{"rendered":"<p>Hallo Ihr Lieben, morgen Abend, Mittwoch um 19 Uhr, veranstaltet die B\u00fcrgerinitiative f\u00fcr Halles gr\u00fcnen Norden eine Diskussionsrunde in der M\u00f6tzlicher Kirche, bei der allen Parteien gerade vor den Wahlen gr\u00fcndlich auf den Zahn gef\u00fchlt werden soll. Politiker stellen sich den Menschen, die f\u00fcr Ihr Gr\u00fcn, f\u00fcr die Natur und die B\u00e4ume einstehen. wir alle freuen uns, wenn auch Ihr dabei seid, um ein Zeichen zu setzen Falls nicht alle in die Kirche passen, sind drau\u00dfen Lautsprecher und jeder kann&#8230;<\/p>\n<p class=\"read-more\"><a class=\"btn btn-default\" href=\"https:\/\/hallesche-pferdefreunde.de\/?p=242\">Weiterlesen<span class=\"screen-reader-text\"> Weiterlesen<\/span><\/a><\/p>\n","protected":false},"author":1,"featured_media":0,"comment_status":"open","ping_status":"open","sticky":false,"template":"","format":"standard","meta":{"jetpack_post_was_ever_published":false,"_jetpack_newsletter_access":"","_jetpack_dont_email_post_to_subs":false,"_jetpack_newsletter_tier_id":0,"_jetpack_memberships_contains_paywalled_content":false,"_jetpack_memberships_contains_paid_content":false,"footnotes":"","jetpack_publicize_message":"","jetpack_publicize_feature_enabled":true,"jetpack_social_post_already_shared":true,"jetpack_social_options":{"image_generator_settings":{"template":"highway","default_image_id":0,"font":"","enabled":false},"version":2}},"categories":[1],"tags":[],"class_list":["post-242","post","type-post","status-publish","format-standard","hentry","category-uncategorized"],"jetpack_publicize_connections":[],"jetpack_featured_media_url":"","jetpack_sharing_enabled":true,"jetpack_shortlink":"https:\/\/wp.me\/paN8jE-3U","_links":{"self":[{"href":"https:\/\/hallesche-pferdefreunde.de\/index.php?rest_route=\/wp\/v2\/posts\/242","targetHints":{"allow":["GET"]}}],"collection":[{"href":"https:\/\/hallesche-pferdefreunde.de\/index.php?rest_route=\/wp\/v2\/posts"}],"about":[{"href":"https:\/\/hallesche-pferdefreunde.de\/index.php?rest_route=\/wp\/v2\/types\/post"}],"author":[{"embeddable":true,"href":"https:\/\/hallesche-pferdefreunde.de\/index.php?rest_route=\/wp\/v2\/users\/1"}],"replies":[{"embeddable":true,"href":"https:\/\/hallesche-pferdefreunde.de\/index.php?rest_route=%2Fwp%2Fv2%2Fcomments&post=242"}],"version-history":[{"count":1,"href":"https:\/\/hallesche-pferdefreunde.de\/index.php?rest_route=\/wp\/v2\/posts\/242\/revisions"}],"predecessor-version":[{"id":243,"href":"https:\/\/hallesche-pferdefreunde.de\/index.php?rest_route=\/wp\/v2\/posts\/242\/revisions\/243"}],"wp:attachment":[{"href":"https:\/\/hallesche-pferdefreunde.de\/index.php?rest_route=%2Fwp%2Fv2%2Fmedia&parent=242"}],"wp:term":[{"taxonomy":"category","embeddable":true,"href":"https:\/\/hallesche-pferdefreunde.de\/index.php?rest_route=%2Fwp%2Fv2%2Fcategories&post=242"},{"taxonomy":"post_tag","embeddable":true,"href":"https:\/\/hallesche-pferdefreunde.de\/index.php?rest_route=%2Fwp%2Fv2%2Ftags&post=242"}],"curies":[{"name":"wp","href":"https:\/\/api.w.org\/{rel}","templated":true}]}}