{"id":315,"date":"2020-02-02T22:28:00","date_gmt":"2020-02-02T22:28:00","guid":{"rendered":"http:\/\/hallesche-pferdefreunde.de\/?p=315"},"modified":"2020-02-02T22:28:05","modified_gmt":"2020-02-02T22:28:05","slug":"ferienprogramm-winterferien-2020","status":"publish","type":"post","link":"https:\/\/hallesche-pferdefreunde.de\/?p=315","title":{"rendered":"Ferienprogramm Winterferien 2020!"},"content":{"rendered":"\n<p>Wir freuen uns auf alle Kinder, die mit uns und den Pferden und Hunden in den Winterferien bei jedem Wetter drau\u00dfen sein wollen. Gerade in den herausfordernden &#8222;Winter&#8220;-tagen, eher Wettertagen k\u00f6nnen wir erstaunliches erfahren. K\u00e4lte und N\u00e4sse reizt unseren K\u00f6rper und h\u00e4lt zu Bewegung an oder l\u00e4sst uns die Kraft des offenen Feuers ganz anders sp\u00fcren, erleben, genie\u00dfen, dankbar sein.<\/p>\n\n\n\n<p>Selbst ein Feuer entfachen und es pflegen, selbst kochen und backen nach belieben der Kinder. Mit den Pferden toben oder mit den Hunden konzentriert an einer sch\u00f6nen Gemeinschaft in der Gruppe mit Verst\u00e4ndnis f\u00fcr die Bed\u00fcrfnisse des Einzelnen arbeiten. <\/p>\n\n\n\n<p>Wir \u00fcben uns in Pr\u00e4senz und Klarheit. Was will ich und wie dr\u00fccke ich mich hierf\u00fcr aus? Die Kinder \u00fcben mit uns gemeinsam klare und liebevolle Kommunikation zwischen Mensch und Tier und Mensch und Mensch. <\/p>\n\n\n\n<p>Wir toben, spielen und kommunizieren uns lachend durch den Winter und finden vielleicht sogar unseren eigenen Wintertanz. Wir finden durch die Pferde zur Ruhe und in unsere ureigene ber\u00fchrende Stille\u2026<\/p>\n\n\n\n<p>Vielleicht wollen die Kinder wieder Kekse an Omis und Opis verteilen?<br>Das hat ihnen jede Menge Spa\u00df gemacht.<\/p>\n\n\n\n<p>Wir freuen uns \u00fcber Eure Beteiligung an unseren Tieren, der Natur, uns und unseren Projekten, die nur durch Euch erst m\u00f6glich werden und freuen uns f\u00fcr alle Ferienwochen (immer Mo-Fr) \u00fcber: <br>150 Euro mit Mittagessen ohne \u00dcbernachtung und <br>250 Euro mit \u00dcbernachtung und Vollverpflegung <\/p>\n","protected":false},"excerpt":{"rendered":"<p>Wir freuen uns auf alle Kinder, die mit uns und den Pferden und Hunden in den Winterferien bei jedem Wetter drau\u00dfen sein wollen. Gerade in den herausfordernden &#8222;Winter&#8220;-tagen, eher Wettertagen k\u00f6nnen wir erstaunliches erfahren. K\u00e4lte und N\u00e4sse reizt unseren K\u00f6rper und h\u00e4lt zu Bewegung an oder l\u00e4sst uns die Kraft des offenen Feuers ganz anders sp\u00fcren, erleben, genie\u00dfen, dankbar sein. Selbst ein Feuer entfachen und es pflegen, selbst kochen und backen nach belieben der Kinder. Mit den Pferden toben oder&#8230;<\/p>\n<p class=\"read-more\"><a class=\"btn btn-default\" href=\"https:\/\/hallesche-pferdefreunde.de\/?p=315\">Weiterlesen<span class=\"screen-reader-text\"> Weiterlesen<\/span><\/a><\/p>\n","protected":false},"author":1,"featured_media":0,"comment_status":"open","ping_status":"open","sticky":false,"template":"","format":"standard","meta":{"jetpack_post_was_ever_published":false,"_jetpack_newsletter_access":"","_jetpack_dont_email_post_to_subs":false,"_jetpack_newsletter_tier_id":0,"_jetpack_memberships_contains_paywalled_content":false,"_jetpack_memberships_contains_paid_content":false,"footnotes":"","jetpack_publicize_message":"","jetpack_publicize_feature_enabled":true,"jetpack_social_post_already_shared":true,"jetpack_social_options":{"image_generator_settings":{"template":"highway","default_image_id":0,"font":"","enabled":false},"version":2}},"categories":[1],"tags":[],"class_list":["post-315","post","type-post","status-publish","format-standard","hentry","category-uncategorized"],"jetpack_publicize_connections":[],"jetpack_featured_media_url":"","jetpack_sharing_enabled":true,"jetpack_shortlink":"https:\/\/wp.me\/paN8jE-55","_links":{"self":[{"href":"https:\/\/hallesche-pferdefreunde.de\/index.php?rest_route=\/wp\/v2\/posts\/315","targetHints":{"allow":["GET"]}}],"collection":[{"href":"https:\/\/hallesche-pferdefreunde.de\/index.php?rest_route=\/wp\/v2\/posts"}],"about":[{"href":"https:\/\/hallesche-pferdefreunde.de\/index.php?rest_route=\/wp\/v2\/types\/post"}],"author":[{"embeddable":true,"href":"https:\/\/hallesche-pferdefreunde.de\/index.php?rest_route=\/wp\/v2\/users\/1"}],"replies":[{"embeddable":true,"href":"https:\/\/hallesche-pferdefreunde.de\/index.php?rest_route=%2Fwp%2Fv2%2Fcomments&post=315"}],"version-history":[{"count":2,"href":"https:\/\/hallesche-pferdefreunde.de\/index.php?rest_route=\/wp\/v2\/posts\/315\/revisions"}],"predecessor-version":[{"id":320,"href":"https:\/\/hallesche-pferdefreunde.de\/index.php?rest_route=\/wp\/v2\/posts\/315\/revisions\/320"}],"wp:attachment":[{"href":"https:\/\/hallesche-pferdefreunde.de\/index.php?rest_route=%2Fwp%2Fv2%2Fmedia&parent=315"}],"wp:term":[{"taxonomy":"category","embeddable":true,"href":"https:\/\/hallesche-pferdefreunde.de\/index.php?rest_route=%2Fwp%2Fv2%2Fcategories&post=315"},{"taxonomy":"post_tag","embeddable":true,"href":"https:\/\/hallesche-pferdefreunde.de\/index.php?rest_route=%2Fwp%2Fv2%2Ftags&post=315"}],"curies":[{"name":"wp","href":"https:\/\/api.w.org\/{rel}","templated":true}]}}