{"id":589,"date":"2023-03-01T07:37:02","date_gmt":"2023-03-01T07:37:02","guid":{"rendered":"https:\/\/hallesche-pferdefreunde.de\/?p=589"},"modified":"2023-03-01T07:37:02","modified_gmt":"2023-03-01T07:37:02","slug":"aufraeumen-und-baeume-pflanzen","status":"publish","type":"post","link":"https:\/\/hallesche-pferdefreunde.de\/?p=589","title":{"rendered":"Aufr\u00e4umen und B\u00e4ume pflanzen"},"content":{"rendered":"\n<p>Ihr Lieben,<br>wir wollen gemeinsam ein sch\u00f6neres Umfeld erschaffen! <\/p>\n\n\n\n<p>Unsere Idee f\u00fcr diesen Samstag ab 10 Uhr:<\/p>\n\n\n\n<p>Die Kinder sammeln M\u00fcll ein.<br>Die M\u00e4nner pflanzen Weidenst\u00e4mme: jeder Koppelpfahl ein Baum (derzeit laufen immer noch die Kettens\u00e4gen und viele B\u00e4ume fallen, deshalb wollen wir um so mehr B\u00e4ume pflanzen &#8211; die gefallenen Weiden haben bei nassem Boden eine gute Chance wieder zu B\u00e4umen zu werden und wir k\u00f6nnen aus<br>gefallenen B\u00e4umen noch mehr neue B\u00e4ume machen).<\/p>\n\n\n\n<p>Antje und ich r\u00e4umen den Hof auf und wer noch mag und anschlie\u00dfend malen alle, die wollen ein Bild, und das schm\u00fcckt dann das Eingangstor.<\/p>\n\n\n\n<p>Die Mamas und Omas oder jeder, der m\u00f6chte, kann gern kochen, Kinder h\u00fcten oder leckere pflanzliche Speisen mitbringen.<\/p>\n\n\n\n<p>Wir freuen uns auf ein buntes Tun und Sein mit Euch allen!<br>Herzliche Gr\u00fc\u00dfe und die sch\u00f6nste Woche!<br>Beate und die Fellnasen und Federchens<\/p>\n","protected":false},"excerpt":{"rendered":"<p>Ihr Lieben,wir wollen gemeinsam ein sch\u00f6neres Umfeld erschaffen! Unsere Idee f\u00fcr diesen Samstag ab 10 Uhr: Die Kinder sammeln M\u00fcll ein.Die M\u00e4nner pflanzen Weidenst\u00e4mme: jeder Koppelpfahl ein Baum (derzeit laufen immer noch die Kettens\u00e4gen und viele B\u00e4ume fallen, deshalb wollen wir um so mehr B\u00e4ume pflanzen &#8211; die gefallenen Weiden haben bei nassem Boden eine gute Chance wieder zu B\u00e4umen zu werden und wir k\u00f6nnen ausgefallenen B\u00e4umen noch mehr neue B\u00e4ume machen). Antje und ich r\u00e4umen den Hof auf und&#8230;<\/p>\n<p class=\"read-more\"><a class=\"btn btn-default\" href=\"https:\/\/hallesche-pferdefreunde.de\/?p=589\">Weiterlesen<span class=\"screen-reader-text\"> Weiterlesen<\/span><\/a><\/p>\n","protected":false},"author":1,"featured_media":0,"comment_status":"open","ping_status":"open","sticky":false,"template":"","format":"standard","meta":{"jetpack_post_was_ever_published":false,"_jetpack_newsletter_access":"","_jetpack_dont_email_post_to_subs":false,"_jetpack_newsletter_tier_id":0,"_jetpack_memberships_contains_paywalled_content":false,"_jetpack_memberships_contains_paid_content":false,"footnotes":"","jetpack_publicize_message":"","jetpack_publicize_feature_enabled":true,"jetpack_social_post_already_shared":true,"jetpack_social_options":{"image_generator_settings":{"template":"highway","default_image_id":0,"font":"","enabled":false},"version":2}},"categories":[1],"tags":[],"class_list":["post-589","post","type-post","status-publish","format-standard","hentry","category-uncategorized"],"jetpack_publicize_connections":[],"jetpack_featured_media_url":"","jetpack_sharing_enabled":true,"jetpack_shortlink":"https:\/\/wp.me\/paN8jE-9v","_links":{"self":[{"href":"https:\/\/hallesche-pferdefreunde.de\/index.php?rest_route=\/wp\/v2\/posts\/589","targetHints":{"allow":["GET"]}}],"collection":[{"href":"https:\/\/hallesche-pferdefreunde.de\/index.php?rest_route=\/wp\/v2\/posts"}],"about":[{"href":"https:\/\/hallesche-pferdefreunde.de\/index.php?rest_route=\/wp\/v2\/types\/post"}],"author":[{"embeddable":true,"href":"https:\/\/hallesche-pferdefreunde.de\/index.php?rest_route=\/wp\/v2\/users\/1"}],"replies":[{"embeddable":true,"href":"https:\/\/hallesche-pferdefreunde.de\/index.php?rest_route=%2Fwp%2Fv2%2Fcomments&post=589"}],"version-history":[{"count":1,"href":"https:\/\/hallesche-pferdefreunde.de\/index.php?rest_route=\/wp\/v2\/posts\/589\/revisions"}],"predecessor-version":[{"id":590,"href":"https:\/\/hallesche-pferdefreunde.de\/index.php?rest_route=\/wp\/v2\/posts\/589\/revisions\/590"}],"wp:attachment":[{"href":"https:\/\/hallesche-pferdefreunde.de\/index.php?rest_route=%2Fwp%2Fv2%2Fmedia&parent=589"}],"wp:term":[{"taxonomy":"category","embeddable":true,"href":"https:\/\/hallesche-pferdefreunde.de\/index.php?rest_route=%2Fwp%2Fv2%2Fcategories&post=589"},{"taxonomy":"post_tag","embeddable":true,"href":"https:\/\/hallesche-pferdefreunde.de\/index.php?rest_route=%2Fwp%2Fv2%2Ftags&post=589"}],"curies":[{"name":"wp","href":"https:\/\/api.w.org\/{rel}","templated":true}]}}