{"id":631,"date":"2023-06-10T09:58:01","date_gmt":"2023-06-10T09:58:01","guid":{"rendered":"https:\/\/hallesche-pferdefreunde.de\/?p=631"},"modified":"2023-06-10T10:04:09","modified_gmt":"2023-06-10T10:04:09","slug":"sommerzeit-ferienzeit","status":"publish","type":"post","link":"https:\/\/hallesche-pferdefreunde.de\/?p=631","title":{"rendered":"Sommerzeit &#8211; Ferienzeit"},"content":{"rendered":"\n<p>Liebe Ferienkinder, liebe Pferdefreunde,<\/p>\n\n\n\n<div class=\"wp-block-columns is-layout-flex wp-container-core-columns-is-layout-9d6595d7 wp-block-columns-is-layout-flex\">\n<div class=\"wp-block-column is-layout-flow wp-block-column-is-layout-flow\" style=\"flex-basis:100%\">\n<div class=\"wp-block-columns is-layout-flex wp-container-core-columns-is-layout-9d6595d7 wp-block-columns-is-layout-flex\">\n<div class=\"wp-block-column is-vertically-aligned-center is-layout-flow wp-block-column-is-layout-flow\">\n<p class=\"has-text-align-justify\">die Sommerzeit naht und das Tor unseres gr\u00fcnen, lebendigen Hofes \u00f6ffnet sich auch in den Ferien wieder  f\u00fcr euch. Es wird viele wundervolle Pferdebegegnungen geben mit Spazierg\u00e4ngen bis in den  Sonnenuntergang hinein. <br>Mit den Hunden ist gute Laune immer und \u00fcberall garantiert. Unsere lustigen H\u00fchner gackern mittendrin und sind inzwischen zuverl\u00e4ssige K\u00fccheng\u00e4ste.<\/p>\n<\/div>\n\n\n\n<div class=\"wp-block-column is-vertically-aligned-center is-layout-flow wp-block-column-is-layout-flow\">\n<figure class=\"wp-block-image size-full\"><img loading=\"lazy\" decoding=\"async\" width=\"425\" height=\"359\" src=\"https:\/\/hallesche-pferdefreunde.de\/wp-content\/uploads\/2023\/06\/Antje-Marian-Alfred.jpg\" alt=\"\" class=\"wp-image-632\" srcset=\"https:\/\/hallesche-pferdefreunde.de\/wp-content\/uploads\/2023\/06\/Antje-Marian-Alfred.jpg 425w, https:\/\/hallesche-pferdefreunde.de\/wp-content\/uploads\/2023\/06\/Antje-Marian-Alfred-300x253.jpg 300w, https:\/\/hallesche-pferdefreunde.de\/wp-content\/uploads\/2023\/06\/Antje-Marian-Alfred-320x270.jpg 320w\" sizes=\"auto, (max-width: 425px) 100vw, 425px\" \/><\/figure>\n<\/div>\n<\/div>\n<\/div>\n<\/div>\n\n\n\n<p>Lasst eure Seele baumeln, baut euch Buden f\u00fcr die warmen Sommern\u00e4chte, tanzt und singt eure Lieder, erz\u00e4hlt und h\u00f6rt Geschichten am Feuer bis in die Nacht hinein.<br>Braucht ihr etwas Abk\u00fchlung? Dann springt in den t\u00fcrkisblauen See und baut vielleicht auch mal ein Flo\u00df?<\/p>\n\n\n\n<p>Das alles und noch viel mehr k\u00f6nnt ihr hier erleben. Insbesondere gibt es in folgenden Wochen (Montag bis Freitag) wieder beliebte und ganz neue Themen:<\/p>\n\n\n\n<p>10.-14. 7.: Kleider machen Kinder aus Naturfarben<br>Wir sammeln und f\u00e4rben mit Pflanzen. Bringt dazu ein wei\u00dfes Kleidungsst\u00fcck mit! In der zweiten H\u00e4lfte der Woche f\u00e4rben wir Stoffe, aus denen ihr euch z. B. ein traumhaftes Sommerkleid oder ein l\u00e4ssiges Shirt schneidern k\u00f6nnt.<\/p>\n\n\n\n<p>17.-21. 7.: Kraftfutterzeit<br>Wir zeigen wie leicht, schnell und und \u00fcberaus lecker man pflanzliche Kost zubereiten kann. Das, was unser Garten gibt, bereiten wir zusammen liebevoll und dankbar zu.<\/p>\n\n\n\n<p>24.-28. 7. Spielen<br>Wenn du Mut hast und wissen willst, was in dir steckt, dann lass uns spielen! Die Pferde und Hunde sind dabei gute Spielf\u00fchrer und weisen dir den Weg zu dir.<\/p>\n\n\n\n<div class=\"wp-block-columns is-layout-flex wp-container-core-columns-is-layout-9d6595d7 wp-block-columns-is-layout-flex\">\n<div class=\"wp-block-column is-vertically-aligned-center is-layout-flow wp-block-column-is-layout-flow\">\n<figure class=\"wp-block-image size-full is-resized\"><img loading=\"lazy\" decoding=\"async\" src=\"https:\/\/hallesche-pferdefreunde.de\/wp-content\/uploads\/2023\/06\/Bea-Paula-Lucy.jpg\" alt=\"\" class=\"wp-image-633\" width=\"373\" height=\"425\" srcset=\"https:\/\/hallesche-pferdefreunde.de\/wp-content\/uploads\/2023\/06\/Bea-Paula-Lucy.jpg 373w, https:\/\/hallesche-pferdefreunde.de\/wp-content\/uploads\/2023\/06\/Bea-Paula-Lucy-263x300.jpg 263w, https:\/\/hallesche-pferdefreunde.de\/wp-content\/uploads\/2023\/06\/Bea-Paula-Lucy-237x270.jpg 237w\" sizes=\"auto, (max-width: 373px) 100vw, 373px\" \/><\/figure>\n<\/div>\n\n\n\n<div class=\"wp-block-column is-vertically-aligned-center is-layout-flow wp-block-column-is-layout-flow\">\n<div class=\"wp-block-columns is-layout-flex wp-container-core-columns-is-layout-9d6595d7 wp-block-columns-is-layout-flex\">\n<div class=\"wp-block-column is-layout-flow wp-block-column-is-layout-flow\" style=\"flex-basis:100%\">\n<p>In den anderen Wochen 6.-7. 7. und ab 31. 7. gibt es nat\u00fcrlich auch viel Bewegungs- und Erlebnisreiches mit Pferd und Hund und viel Zeit zum Spielen, Baden und in der Sonne liegen.<\/p>\n<\/div>\n<\/div>\n\n\n\n<p>Als Ausgleich f\u00fcr den Ort, die Menschen und die Tiere nehmen wir einen Beitrag von 30 Euro\/Tag inkl. Vollverpflegung (halbtags 15 Euro) und 20 Euro\/\u00dcbernachtung. Der Sommer kann kommen und die sch\u00f6nen Erlebnisse mit euch!<\/p>\n<\/div>\n<\/div>\n\n\n\n<p>Gleichzeitig m\u00f6chten wir, Antje und Marian, uns als neuen Vereinsvorstand bei euch vorstellen. Seit einiger Zeit geben wir dem Ort an der Seite von Beate, den Kindern und den Fellnasen unsere Kraft und Ideen. In K\u00fcrze erreicht euch eine Mail, in der ihr lesen k\u00f6nnt, was wir im letzten Jahr geschaffen und was<br>wir in diesem Jahr noch erreichen wollen.<\/p>\n\n\n\n<p>Lasst es euch gut gehen!<br>Ganz herzliche Gr\u00fc\u00dfe<br>Antje und Marian<br>im Namen aller Menschen und Tiere vom Hof<\/p>\n","protected":false},"excerpt":{"rendered":"<p>Liebe Ferienkinder, liebe Pferdefreunde, die Sommerzeit naht und das Tor unseres gr\u00fcnen, lebendigen Hofes \u00f6ffnet sich auch in den Ferien wieder f\u00fcr euch. Es wird viele wundervolle Pferdebegegnungen geben mit Spazierg\u00e4ngen bis in den Sonnenuntergang hinein. Mit den Hunden ist gute Laune immer und \u00fcberall garantiert. Unsere lustigen H\u00fchner gackern mittendrin und sind inzwischen zuverl\u00e4ssige K\u00fccheng\u00e4ste. Lasst eure Seele baumeln, baut euch Buden f\u00fcr die warmen Sommern\u00e4chte, tanzt und singt eure Lieder, erz\u00e4hlt und h\u00f6rt Geschichten am Feuer bis in&#8230;<\/p>\n<p class=\"read-more\"><a class=\"btn btn-default\" href=\"https:\/\/hallesche-pferdefreunde.de\/?p=631\">Weiterlesen<span class=\"screen-reader-text\"> Weiterlesen<\/span><\/a><\/p>\n","protected":false},"author":1,"featured_media":0,"comment_status":"open","ping_status":"open","sticky":false,"template":"","format":"standard","meta":{"jetpack_post_was_ever_published":false,"_jetpack_newsletter_access":"","_jetpack_dont_email_post_to_subs":false,"_jetpack_newsletter_tier_id":0,"_jetpack_memberships_contains_paywalled_content":false,"_jetpack_memberships_contains_paid_content":false,"footnotes":"","jetpack_publicize_message":"","jetpack_publicize_feature_enabled":true,"jetpack_social_post_already_shared":true,"jetpack_social_options":{"image_generator_settings":{"template":"highway","default_image_id":0,"font":"","enabled":false},"version":2}},"categories":[1],"tags":[],"class_list":["post-631","post","type-post","status-publish","format-standard","hentry","category-uncategorized"],"jetpack_publicize_connections":[],"jetpack_featured_media_url":"","jetpack_sharing_enabled":true,"jetpack_shortlink":"https:\/\/wp.me\/paN8jE-ab","_links":{"self":[{"href":"https:\/\/hallesche-pferdefreunde.de\/index.php?rest_route=\/wp\/v2\/posts\/631","targetHints":{"allow":["GET"]}}],"collection":[{"href":"https:\/\/hallesche-pferdefreunde.de\/index.php?rest_route=\/wp\/v2\/posts"}],"about":[{"href":"https:\/\/hallesche-pferdefreunde.de\/index.php?rest_route=\/wp\/v2\/types\/post"}],"author":[{"embeddable":true,"href":"https:\/\/hallesche-pferdefreunde.de\/index.php?rest_route=\/wp\/v2\/users\/1"}],"replies":[{"embeddable":true,"href":"https:\/\/hallesche-pferdefreunde.de\/index.php?rest_route=%2Fwp%2Fv2%2Fcomments&post=631"}],"version-history":[{"count":6,"href":"https:\/\/hallesche-pferdefreunde.de\/index.php?rest_route=\/wp\/v2\/posts\/631\/revisions"}],"predecessor-version":[{"id":640,"href":"https:\/\/hallesche-pferdefreunde.de\/index.php?rest_route=\/wp\/v2\/posts\/631\/revisions\/640"}],"wp:attachment":[{"href":"https:\/\/hallesche-pferdefreunde.de\/index.php?rest_route=%2Fwp%2Fv2%2Fmedia&parent=631"}],"wp:term":[{"taxonomy":"category","embeddable":true,"href":"https:\/\/hallesche-pferdefreunde.de\/index.php?rest_route=%2Fwp%2Fv2%2Fcategories&post=631"},{"taxonomy":"post_tag","embeddable":true,"href":"https:\/\/hallesche-pferdefreunde.de\/index.php?rest_route=%2Fwp%2Fv2%2Ftags&post=631"}],"curies":[{"name":"wp","href":"https:\/\/api.w.org\/{rel}","templated":true}]}}