{"id":664,"date":"2023-12-19T08:16:02","date_gmt":"2023-12-19T08:16:02","guid":{"rendered":"https:\/\/hallesche-pferdefreunde.de\/?p=664"},"modified":"2023-12-19T08:16:02","modified_gmt":"2023-12-19T08:16:02","slug":"wintersonnenwende-mit-uns-und-den-tieren","status":"publish","type":"post","link":"https:\/\/hallesche-pferdefreunde.de\/?p=664","title":{"rendered":"Wintersonnenwende mit uns und den Tieren"},"content":{"rendered":"\n<p>Ihr Lieben,<br>f\u00fcr uns ein Grund zum Feiern, denn es geht nach dem 21. wieder aufw\u00e4rts :o)<\/p>\n\n\n\n<div class=\"wp-block-media-text has-media-on-the-right is-stacked-on-mobile is-style-default\"><div class=\"wp-block-media-text__content\">\n<p>Wir wollen uns feiern, den Winter feiern, das Leben feiern, die Natur und die Tiere feiern, dankbar sein f\u00fcr einfach alles. Jeder ist willkommen es wird ein Feuer geben und wir schauen auf das alte Jahr und auf das was kommen darf.<\/p>\n<\/div><figure class=\"wp-block-media-text__media\"><img loading=\"lazy\" decoding=\"async\" width=\"886\" height=\"591\" src=\"https:\/\/hallesche-pferdefreunde.de\/wp-content\/uploads\/2023\/12\/kessel.jpg\" alt=\"\" class=\"wp-image-665 size-full\" srcset=\"https:\/\/hallesche-pferdefreunde.de\/wp-content\/uploads\/2023\/12\/kessel.jpg 886w, https:\/\/hallesche-pferdefreunde.de\/wp-content\/uploads\/2023\/12\/kessel-300x200.jpg 300w, https:\/\/hallesche-pferdefreunde.de\/wp-content\/uploads\/2023\/12\/kessel-768x512.jpg 768w, https:\/\/hallesche-pferdefreunde.de\/wp-content\/uploads\/2023\/12\/kessel-405x270.jpg 405w\" sizes=\"auto, (max-width: 886px) 100vw, 886px\" \/><\/figure><\/div>\n\n\n\n<p>Wer mag bringt was pflanzlich leckeres zu essen mit, macht Musik oder Tanz.<\/p>\n\n\n\n<p>Wir freuen uns \u00fcber alles was ihr f\u00fcr ein sch\u00f6nes Fest mitbringen wollt!<br>Herzliche Gr\u00fc\u00dfe und alles Liebe<br>Beate und die Fellnasen<\/p>\n","protected":false},"excerpt":{"rendered":"<p>Ihr Lieben,f\u00fcr uns ein Grund zum Feiern, denn es geht nach dem 21. wieder aufw\u00e4rts :o) Wir wollen uns feiern, den Winter feiern, das Leben feiern, die Natur und die Tiere feiern, dankbar sein f\u00fcr einfach alles. Jeder ist willkommen es wird ein Feuer geben und wir schauen auf das alte Jahr und auf das was kommen darf. Wer mag bringt was pflanzlich leckeres zu essen mit, macht Musik oder Tanz. Wir freuen uns \u00fcber alles was ihr f\u00fcr ein&#8230;<\/p>\n<p class=\"read-more\"><a class=\"btn btn-default\" href=\"https:\/\/hallesche-pferdefreunde.de\/?p=664\">Weiterlesen<span class=\"screen-reader-text\"> Weiterlesen<\/span><\/a><\/p>\n","protected":false},"author":1,"featured_media":0,"comment_status":"open","ping_status":"open","sticky":false,"template":"","format":"standard","meta":{"jetpack_post_was_ever_published":false,"_jetpack_newsletter_access":"","_jetpack_dont_email_post_to_subs":false,"_jetpack_newsletter_tier_id":0,"_jetpack_memberships_contains_paywalled_content":false,"_jetpack_memberships_contains_paid_content":false,"footnotes":"","jetpack_publicize_message":"","jetpack_publicize_feature_enabled":true,"jetpack_social_post_already_shared":true,"jetpack_social_options":{"image_generator_settings":{"template":"highway","default_image_id":0,"font":"","enabled":false},"version":2}},"categories":[1],"tags":[],"class_list":["post-664","post","type-post","status-publish","format-standard","hentry","category-uncategorized"],"jetpack_publicize_connections":[],"jetpack_featured_media_url":"","jetpack_sharing_enabled":true,"jetpack_shortlink":"https:\/\/wp.me\/paN8jE-aI","_links":{"self":[{"href":"https:\/\/hallesche-pferdefreunde.de\/index.php?rest_route=\/wp\/v2\/posts\/664","targetHints":{"allow":["GET"]}}],"collection":[{"href":"https:\/\/hallesche-pferdefreunde.de\/index.php?rest_route=\/wp\/v2\/posts"}],"about":[{"href":"https:\/\/hallesche-pferdefreunde.de\/index.php?rest_route=\/wp\/v2\/types\/post"}],"author":[{"embeddable":true,"href":"https:\/\/hallesche-pferdefreunde.de\/index.php?rest_route=\/wp\/v2\/users\/1"}],"replies":[{"embeddable":true,"href":"https:\/\/hallesche-pferdefreunde.de\/index.php?rest_route=%2Fwp%2Fv2%2Fcomments&post=664"}],"version-history":[{"count":1,"href":"https:\/\/hallesche-pferdefreunde.de\/index.php?rest_route=\/wp\/v2\/posts\/664\/revisions"}],"predecessor-version":[{"id":666,"href":"https:\/\/hallesche-pferdefreunde.de\/index.php?rest_route=\/wp\/v2\/posts\/664\/revisions\/666"}],"wp:attachment":[{"href":"https:\/\/hallesche-pferdefreunde.de\/index.php?rest_route=%2Fwp%2Fv2%2Fmedia&parent=664"}],"wp:term":[{"taxonomy":"category","embeddable":true,"href":"https:\/\/hallesche-pferdefreunde.de\/index.php?rest_route=%2Fwp%2Fv2%2Fcategories&post=664"},{"taxonomy":"post_tag","embeddable":true,"href":"https:\/\/hallesche-pferdefreunde.de\/index.php?rest_route=%2Fwp%2Fv2%2Ftags&post=664"}],"curies":[{"name":"wp","href":"https:\/\/api.w.org\/{rel}","templated":true}]}}