{"id":676,"date":"2024-01-17T07:12:58","date_gmt":"2024-01-17T07:12:58","guid":{"rendered":"https:\/\/hallesche-pferdefreunde.de\/?p=676"},"modified":"2024-01-17T07:12:58","modified_gmt":"2024-01-17T07:12:58","slug":"milu-hat-es-geschafft-danke-milu","status":"publish","type":"post","link":"https:\/\/hallesche-pferdefreunde.de\/?p=676","title":{"rendered":"Milu hat es geschafft, Danke Milu"},"content":{"rendered":"\n<p>Ihr Lieben,<br>unsere Milu ist heute mit den letzten &#8222;Sonnenstrahlen&#8220; gegangen. Im April w\u00e4re sie 13 Jahre alt geworden.<\/p>\n\n\n\n<p>Ein Weiser Spruch lautet: &#8222;Du stirbst wie du gelebt hast&#8220;. Also f\u00fcr Milu trifft das absolut zu. Milu war immer ein gro\u00dfer W\u00e4chter unseres Grundst\u00fcckes und ein K\u00f6rperbesch\u00fctzer. Sie besch\u00fctzt mit ihrem ganzen K\u00f6rper, sie liebt ihren K\u00f6rper und sie hatte ihn wie kein anderer im Griff. Zeit ihres Lebens ein Supersportler mit Ambitionen zum Zirkushund. <br>Milus Windhundanteil war immer deutlich sichtbar und den lebte sie als Supersprinter auch gern aus. Sie war mit 2 Jahren mal unerkl\u00e4rlich krank und dann nach Chipentfernung nie wieder- top fit ein ganzes Leben.<\/p>\n\n\n\n<p>Nur die Scheinschwangerschaften nach jeder L\u00e4ufigkeit vor und nach ihren Welpen tr\u00fcbten ihre  strahlende Gesundheit. Erst nach der letzten L\u00e4ufigkeit im August letzten Jahres erholte sie sich nicht ganz und die Zitzentumore wuchsen. Sie wurde seitdem st\u00e4ndig schw\u00e4cher. Trotz Wiederaufnahme der<br>Fleischf\u00fctterung, Futterumstellung und Minerale, Algen und sonstigem, war es ihr Wille zu gehen. <\/p>\n\n\n\n<p>Sie hat immer alles gegeben und sie darf nun auch in Frieden gehen. Andere Aufgaben warten sicher schon. Bis zum Schluss hat sie gefressen und war f\u00fcr jedes Leckerchen zu haben. Ihre Verdauung war bis zum Schluss trotz der vielen Umstellungen tip top. <br>Und ich bin so froh, dass sie nur schw\u00e4cher und schw\u00e4cher wurde um dann heute in Decken gekuschelt mit der Schnautze an frischer Luft und die Ohren gespitzt eingeschlafen ist, genau in den 10 Minuten, wo ich mit den anderen Hunden um den See geflitzt bin.\u00a0 Vor meiner Runde habe ich sie gestreichelt und ihr ein Lied gesungen, irgendetwas in mir ahnte den Abschied anscheinend&#8230;.<\/p>\n\n\n\n<p>Nunja sie ist eigensinnig gestorben, wie sie gelebt hat, ein Vollblut-Widder, mit dem Kopf durch die Wand<br>ich habe schon vor 2 Wochen mit ihrem Tod gerechnet und extrem die letzten 3 Tage &#8211; Milu entschied sich f\u00fcr heute, an Stefans Geburtstag Djamali ist an Antjes Geburtstag gestorben&#8230;.<\/p>\n\n\n\n<p>Auch wenn Stefan es mit Milu nicht leicht hatte, Milu hat ihn geliebt und das Zeichen entsprechend gesetzt, denn Tode sind unendlich traurig und Freude zugleich, stehen sie doch f\u00fcr einen Neubeginn f\u00fcr den Gestorbenen und auch f\u00fcr die Hinterbliebenen. <br>Wir tragen sie in unseren Herzen und wissen um das Loch, was sie jetzt hinterl\u00e4sst. Wir k\u00f6nnen<br>zusammenr\u00fccken, jeden Augenblick wieder intensiv leben und feiern Wir d\u00fcrfen hier leben mit so sch\u00f6nen Menschen und Tieren und in der Natur. Ein Geschenk, dass uns Milu wieder bewusst macht. Ich bin so dankbar f\u00fcr diese sch\u00f6ne H\u00fcndin, die mir besonders geholfen hat die Wut in mir zu sp\u00fcren, die da so schlummerte. <br>Sie hat mich gefordert und gleichzeitig war sie immer so s\u00fc\u00df, ein wahrer Traumhund, unser Pinselhuhn, wie sie Stefan liebevoll nannte. Sie malte mit ihrer weichen langen wei\u00dfen Schwanzspitze beim lockeren Laufen Zeichen in die Luft, einmalig, Milu!<\/p>\n\n\n\n<p>DANKE MILU<br>Danke f\u00fcr Deine so sch\u00f6ne herzliche Betreuung aller Kinder hier auf dem Hof.<\/p>\n\n\n\n<p>Herzliche Gr\u00fc\u00dfe Euch allen und ganz viel Freude mit all Euren Lieben!<br>Beate und Milu<\/p>\n","protected":false},"excerpt":{"rendered":"<p>Ihr Lieben,unsere Milu ist heute mit den letzten &#8222;Sonnenstrahlen&#8220; gegangen. Im April w\u00e4re sie 13 Jahre alt geworden. Ein Weiser Spruch lautet: &#8222;Du stirbst wie du gelebt hast&#8220;. Also f\u00fcr Milu trifft das absolut zu. Milu war immer ein gro\u00dfer W\u00e4chter unseres Grundst\u00fcckes und ein K\u00f6rperbesch\u00fctzer. Sie besch\u00fctzt mit ihrem ganzen K\u00f6rper, sie liebt ihren K\u00f6rper und sie hatte ihn wie kein anderer im Griff. Zeit ihres Lebens ein Supersportler mit Ambitionen zum Zirkushund. Milus Windhundanteil war immer deutlich sichtbar&#8230;<\/p>\n<p class=\"read-more\"><a class=\"btn btn-default\" href=\"https:\/\/hallesche-pferdefreunde.de\/?p=676\">Weiterlesen<span class=\"screen-reader-text\"> Weiterlesen<\/span><\/a><\/p>\n","protected":false},"author":1,"featured_media":0,"comment_status":"open","ping_status":"open","sticky":false,"template":"","format":"standard","meta":{"jetpack_post_was_ever_published":false,"_jetpack_newsletter_access":"","_jetpack_dont_email_post_to_subs":false,"_jetpack_newsletter_tier_id":0,"_jetpack_memberships_contains_paywalled_content":false,"_jetpack_memberships_contains_paid_content":false,"footnotes":"","jetpack_publicize_message":"","jetpack_publicize_feature_enabled":true,"jetpack_social_post_already_shared":true,"jetpack_social_options":{"image_generator_settings":{"template":"highway","default_image_id":0,"font":"","enabled":false},"version":2}},"categories":[1],"tags":[],"class_list":["post-676","post","type-post","status-publish","format-standard","hentry","category-uncategorized"],"jetpack_publicize_connections":[],"jetpack_featured_media_url":"","jetpack_sharing_enabled":true,"jetpack_shortlink":"https:\/\/wp.me\/paN8jE-aU","_links":{"self":[{"href":"https:\/\/hallesche-pferdefreunde.de\/index.php?rest_route=\/wp\/v2\/posts\/676","targetHints":{"allow":["GET"]}}],"collection":[{"href":"https:\/\/hallesche-pferdefreunde.de\/index.php?rest_route=\/wp\/v2\/posts"}],"about":[{"href":"https:\/\/hallesche-pferdefreunde.de\/index.php?rest_route=\/wp\/v2\/types\/post"}],"author":[{"embeddable":true,"href":"https:\/\/hallesche-pferdefreunde.de\/index.php?rest_route=\/wp\/v2\/users\/1"}],"replies":[{"embeddable":true,"href":"https:\/\/hallesche-pferdefreunde.de\/index.php?rest_route=%2Fwp%2Fv2%2Fcomments&post=676"}],"version-history":[{"count":1,"href":"https:\/\/hallesche-pferdefreunde.de\/index.php?rest_route=\/wp\/v2\/posts\/676\/revisions"}],"predecessor-version":[{"id":677,"href":"https:\/\/hallesche-pferdefreunde.de\/index.php?rest_route=\/wp\/v2\/posts\/676\/revisions\/677"}],"wp:attachment":[{"href":"https:\/\/hallesche-pferdefreunde.de\/index.php?rest_route=%2Fwp%2Fv2%2Fmedia&parent=676"}],"wp:term":[{"taxonomy":"category","embeddable":true,"href":"https:\/\/hallesche-pferdefreunde.de\/index.php?rest_route=%2Fwp%2Fv2%2Fcategories&post=676"},{"taxonomy":"post_tag","embeddable":true,"href":"https:\/\/hallesche-pferdefreunde.de\/index.php?rest_route=%2Fwp%2Fv2%2Ftags&post=676"}],"curies":[{"name":"wp","href":"https:\/\/api.w.org\/{rel}","templated":true}]}}