{"id":820,"date":"2025-03-23T17:08:25","date_gmt":"2025-03-23T17:08:25","guid":{"rendered":"https:\/\/hallesche-pferdefreunde.de\/?p=820"},"modified":"2025-03-23T17:08:25","modified_gmt":"2025-03-23T17:08:25","slug":"bunt-und-gesund","status":"publish","type":"post","link":"https:\/\/hallesche-pferdefreunde.de\/?p=820","title":{"rendered":"Bunt und gesund \u2026"},"content":{"rendered":"\n<p>Liebe Pferdefreunde,<\/p>\n\n\n\n<p>heute gibt es wieder einen besonders bunten Gru\u00df aus der grauen Jahreszeit. Wie ihr sehen k\u00f6nnt, zeigen sich unsere Kinder v\u00f6llig unbeeindruckt vom kalten, grauen Wetter.<\/p>\n\n\n<div class=\"wp-block-image\">\n<figure class=\"aligncenter size-full\"><img loading=\"lazy\" decoding=\"async\" width=\"886\" height=\"626\" src=\"https:\/\/hallesche-pferdefreunde.de\/wp-content\/uploads\/2025\/03\/hofkarneval.jpg\" alt=\"\" class=\"wp-image-821\" srcset=\"https:\/\/hallesche-pferdefreunde.de\/wp-content\/uploads\/2025\/03\/hofkarneval.jpg 886w, https:\/\/hallesche-pferdefreunde.de\/wp-content\/uploads\/2025\/03\/hofkarneval-300x212.jpg 300w, https:\/\/hallesche-pferdefreunde.de\/wp-content\/uploads\/2025\/03\/hofkarneval-768x543.jpg 768w, https:\/\/hallesche-pferdefreunde.de\/wp-content\/uploads\/2025\/03\/hofkarneval-382x270.jpg 382w\" sizes=\"auto, (max-width: 886px) 100vw, 886px\" \/><\/figure>\n<\/div>\n\n\n<p>Zur Faschingszeit kramten wir Schere, Stoff und Faden hervor und zauberten den Kindern ihre Lieblingskost\u00fcme. Ob Affe, Rapunzel oder der dicke Obelix, es war ein Heidenspa\u00df f\u00fcr alle! <br>Unser Angelo zeigte seine wahre Pracht mit einer beeindruckenden Frisur. Wer soviel Freude an den Tag legt, wird abends mit warmer Abendsonne belohnt.<\/p>\n\n\n\n<p>Nach unserem Kaminkn\u00e4ckegenuss vom Januar haben wir uns gedacht, es ist Zeit, dass auch unsere Hunde etwas davon haben. Was uns gut tut, tut auch unseren Hunden gut. So nahmen wir eingeweichte K\u00fcrbiskerne, Leinsamen, Sesam und Hanfsamen zur Hand, sammelten Gem\u00fcseschalen zusammen und gaben alles in den Mixer. Das alles kam wieder auf den Ofen und fertig war schon ein knackiges Hundeleckerli.<\/p>\n\n\n<div class=\"wp-block-image\">\n<figure class=\"aligncenter size-full\"><img loading=\"lazy\" decoding=\"async\" width=\"886\" height=\"566\" src=\"https:\/\/hallesche-pferdefreunde.de\/wp-content\/uploads\/2025\/03\/gesund-wie-ein-hund.jpg\" alt=\"\" class=\"wp-image-822\" srcset=\"https:\/\/hallesche-pferdefreunde.de\/wp-content\/uploads\/2025\/03\/gesund-wie-ein-hund.jpg 886w, https:\/\/hallesche-pferdefreunde.de\/wp-content\/uploads\/2025\/03\/gesund-wie-ein-hund-300x192.jpg 300w, https:\/\/hallesche-pferdefreunde.de\/wp-content\/uploads\/2025\/03\/gesund-wie-ein-hund-768x491.jpg 768w, https:\/\/hallesche-pferdefreunde.de\/wp-content\/uploads\/2025\/03\/gesund-wie-ein-hund-423x270.jpg 423w\" sizes=\"auto, (max-width: 886px) 100vw, 886px\" \/><\/figure>\n<\/div>\n\n\n<p>Die erste Verkostung: Ein Hund dr\u00e4ngelte sich vor den anderen, um m\u00f6glichst viel vom Keks abzubekommen. Nur Teddy lie\u00df sich nicht beeindrucken. So sind die Geschm\u00e4cker eben auch bei  Hunden verschieden. <br>Damit auch Teddy sein Keksgl\u00fcck bekommt, suchten wir im Vorratsschrank nach anderen Zutaten. Die Linsen waren es, die Teddy aus seiner H\u00f6hle lockten.<\/p>\n\n\n\n<p>Inzwischen blicken wir auf ein reiches Sortiment an Hundekeksen zur\u00fcck. Beate probiert sich weiter. Pastinaken sind \u00fcbrigens f\u00fcr alle unsere Hunde genauso lecker wie f\u00fcr uns. Also setzt euch doch mit eurem Liebling an den Ofen und knabbert eine T\u00fcte gesunde Chips.<\/p>\n\n\n\n<p>Alle Hundemenschen sind auf eine Kosteprobe herzlich eingeladen!<\/p>\n\n\n\n<p>Bis bald und genie\u00dft das erste Fr\u00fchlingsstrahlen!<br>Antje und die Pferdefreunde<\/p>\n\n\n\n<p><\/p>\n","protected":false},"excerpt":{"rendered":"<p>Liebe Pferdefreunde, heute gibt es wieder einen besonders bunten Gru\u00df aus der grauen Jahreszeit. Wie ihr sehen k\u00f6nnt, zeigen sich unsere Kinder v\u00f6llig unbeeindruckt vom kalten, grauen Wetter. Zur Faschingszeit kramten wir Schere, Stoff und Faden hervor und zauberten den Kindern ihre Lieblingskost\u00fcme. Ob Affe, Rapunzel oder der dicke Obelix, es war ein Heidenspa\u00df f\u00fcr alle! Unser Angelo zeigte seine wahre Pracht mit einer beeindruckenden Frisur. Wer soviel Freude an den Tag legt, wird abends mit warmer Abendsonne belohnt. Nach&#8230;<\/p>\n<p class=\"read-more\"><a class=\"btn btn-default\" href=\"https:\/\/hallesche-pferdefreunde.de\/?p=820\">Weiterlesen<span class=\"screen-reader-text\"> Weiterlesen<\/span><\/a><\/p>\n","protected":false},"author":1,"featured_media":0,"comment_status":"open","ping_status":"open","sticky":false,"template":"","format":"standard","meta":{"jetpack_post_was_ever_published":false,"_jetpack_newsletter_access":"","_jetpack_dont_email_post_to_subs":false,"_jetpack_newsletter_tier_id":0,"_jetpack_memberships_contains_paywalled_content":false,"_jetpack_memberships_contains_paid_content":false,"footnotes":"","jetpack_publicize_message":"","jetpack_publicize_feature_enabled":true,"jetpack_social_post_already_shared":true,"jetpack_social_options":{"image_generator_settings":{"template":"highway","default_image_id":0,"font":"","enabled":false},"version":2}},"categories":[1],"tags":[],"class_list":["post-820","post","type-post","status-publish","format-standard","hentry","category-uncategorized"],"jetpack_publicize_connections":[],"jetpack_featured_media_url":"","jetpack_sharing_enabled":true,"jetpack_shortlink":"https:\/\/wp.me\/paN8jE-de","_links":{"self":[{"href":"https:\/\/hallesche-pferdefreunde.de\/index.php?rest_route=\/wp\/v2\/posts\/820","targetHints":{"allow":["GET"]}}],"collection":[{"href":"https:\/\/hallesche-pferdefreunde.de\/index.php?rest_route=\/wp\/v2\/posts"}],"about":[{"href":"https:\/\/hallesche-pferdefreunde.de\/index.php?rest_route=\/wp\/v2\/types\/post"}],"author":[{"embeddable":true,"href":"https:\/\/hallesche-pferdefreunde.de\/index.php?rest_route=\/wp\/v2\/users\/1"}],"replies":[{"embeddable":true,"href":"https:\/\/hallesche-pferdefreunde.de\/index.php?rest_route=%2Fwp%2Fv2%2Fcomments&post=820"}],"version-history":[{"count":1,"href":"https:\/\/hallesche-pferdefreunde.de\/index.php?rest_route=\/wp\/v2\/posts\/820\/revisions"}],"predecessor-version":[{"id":823,"href":"https:\/\/hallesche-pferdefreunde.de\/index.php?rest_route=\/wp\/v2\/posts\/820\/revisions\/823"}],"wp:attachment":[{"href":"https:\/\/hallesche-pferdefreunde.de\/index.php?rest_route=%2Fwp%2Fv2%2Fmedia&parent=820"}],"wp:term":[{"taxonomy":"category","embeddable":true,"href":"https:\/\/hallesche-pferdefreunde.de\/index.php?rest_route=%2Fwp%2Fv2%2Fcategories&post=820"},{"taxonomy":"post_tag","embeddable":true,"href":"https:\/\/hallesche-pferdefreunde.de\/index.php?rest_route=%2Fwp%2Fv2%2Ftags&post=820"}],"curies":[{"name":"wp","href":"https:\/\/api.w.org\/{rel}","templated":true}]}}